{"id":36013,"date":"2026-09-01T09:44:52","date_gmt":"2026-09-01T09:44:52","guid":{"rendered":"https:\/\/www.formaciomiro.com\/?p=36013"},"modified":"2026-08-31T09:54:34","modified_gmt":"2026-08-31T09:54:34","slug":"fechas-clave-del-examen-de-acceso-a-la-universidad-de-septiembre-de-2026","status":"publish","type":"post","link":"https:\/\/www.formaciomiro.com\/es\/blog\/fechas-clave-del-examen-de-acceso-a-la-universidad-de-septiembre-de-2026\/","title":{"rendered":"Fechas clave del examen de acceso a la universidad de septiembre de 2026"},"content":{"rendered":"\n<p class=\"wp-block-paragraph\">El <strong>examen de acceso a la universidad de septiembre de 2026<\/strong> se celebrar\u00e1 en Catalu\u00f1a los <strong>d\u00edas 2, 3 y 4 de septiembre<\/strong>. Esta llamada extraordinaria es importante para los estudiantes que no pudieron presentarse al examen en junio, que necesitan repetir una asignatura o que quieren mejorar su nota para tener m\u00e1s opciones de acceso a la universidad. <\/p>\n\n<p class=\"wp-block-paragraph\">Conocer las fechas con antelaci\u00f3n ayuda a organizar mejor las \u00faltimas semanas de estudio y, sobre todo, evita dudas a la hora de consultar notas o solicitar una revisi\u00f3n. A diferencia de la llamada habitual, la sesi\u00f3n de septiembre concentra toda la actividad en unos d\u00edas y deja poco espacio para la improvisaci\u00f3n. <\/p>\n\n<p class=\"wp-block-paragraph\">Por esta raz\u00f3n, es \u00fatil tener bajo control tres bloques de informaci\u00f3n: <strong>los horarios de cada d\u00eda, la estructura del examen y las fechas de publicaci\u00f3n y revisi\u00f3n de las calificaciones<\/strong>.<\/p>\n\n<p class=\"wp-block-paragraph\">Si tambi\u00e9n quieres consultar el calendario completo de la convocatoria ordinaria y extraordinaria, puedes revisar todas las <strong><a href=\"https:\/\/www.formaciomiro.com\/es\/blog\/fechas-selectividad-2026-consulta-el-calendario-y-los-horarios\/\">fechas de la Selectividad 2026<\/a><\/strong>.<\/p>\n\n<h2 class=\"wp-block-heading\">\u00bfCu\u00e1ndo es el examen de acceso a la universidad de septiembre de 2026?<\/h2>\n\n<p class=\"wp-block-paragraph\">La extraordinaria convocatoria para la AU en Catalu\u00f1a tendr\u00e1 lugar en:<\/p>\n\n<ul class=\"wp-block-list\">\n<li><strong>Mi\u00e9rcoles, 2 de septiembre de 2026<\/strong><\/li>\n\n\n\n<li><strong>Jueves, 3 de septiembre de 2026<\/strong><\/li>\n\n\n\n<li><strong>Viernes, 4 de septiembre de 2026<\/strong><\/li>\n<\/ul>\n\n<p class=\"wp-block-paragraph\">Los ex\u00e1menes se distribuyen en tres franjas principales: <strong>de 9:00 a 10:30 a.m., de 12:00 p.m. a 13:30 p.m. y de 3:00 p.m. a 4:30 p.m<\/strong>.<\/p>\n\n<p class=\"wp-block-paragraph\">Antes de comenzar el primer examen del d\u00eda, de <strong>8:30 a 9:00<\/strong> a.m., se revisar\u00e1n los datos de los estudiantes. Llegar con un peque\u00f1o margen es especialmente recomendable el primer d\u00eda, porque permite localizar el aula, revisar la documentaci\u00f3n y comenzar el d\u00eda sin prisas. <\/p>\n\n<p class=\"wp-block-paragraph\">Los estudiantes con <strong>Necesidades Educativas Espec\u00edficas de Apoyo (NESE)<\/strong> que tengan adaptaci\u00f3n reconocida dispondr\u00e1n <strong>de 30 minutos adicionales<\/strong> para completar cada examen.<\/p>\n\n<figure class=\"wp-block-image size-large\"><img fetchpriority=\"high\" decoding=\"async\" width=\"1024\" height=\"640\" src=\"https:\/\/www.formaciomiro.com\/wp-content\/uploads\/selectivitat-de-setembre-de-2026-1024x640.jpg\" alt=\"Examen de acceso a la universidad de septiembre de 2026\" class=\"wp-image-36009\" srcset=\"https:\/\/www.formaciomiro.com\/wp-content\/uploads\/selectivitat-de-setembre-de-2026-1024x640.jpg 1024w, https:\/\/www.formaciomiro.com\/wp-content\/uploads\/selectivitat-de-setembre-de-2026-300x188.jpg 300w, https:\/\/www.formaciomiro.com\/wp-content\/uploads\/selectivitat-de-setembre-de-2026-768x480.jpg 768w, https:\/\/www.formaciomiro.com\/wp-content\/uploads\/selectivitat-de-setembre-de-2026-1536x960.jpg 1536w, https:\/\/www.formaciomiro.com\/wp-content\/uploads\/selectivitat-de-setembre-de-2026-2048x1280.jpg 2048w, https:\/\/www.formaciomiro.com\/wp-content\/uploads\/selectivitat-de-setembre-de-2026-600x375.jpg 600w\" sizes=\"(max-width: 1024px) 100vw, 1024px\" \/><\/figure>\n\n<h2 class=\"wp-block-heading\">Calendario para el mi\u00e9rcoles 2 de septiembre<\/h2>\n\n<p class=\"wp-block-paragraph\">El primer d\u00eda de la selectividad de septiembre de 2026 comenzar\u00e1 con Lengua y Literatura Espa\u00f1olas, continuar\u00e1 con Lengua Extranjera y finalizar\u00e1 con varias asignaturas modales.<\/p>\n\n<figure class=\"wp-block-table\"><table class=\"has-fixed-layout\"><thead><tr><th>Tiempo<\/th><th>Asignaturas<\/th><\/tr><\/thead><tbody><tr><td><strong>9:00 a.m. \u2013 10:30 a.m.<\/strong><\/td><td>Lengua y literatura espa\u00f1olas<\/td><\/tr><tr><td><strong>12:00 \u2013 13:30 h<\/strong><\/td><td>Idioma extranjero<\/td><\/tr><tr><td><strong>15:00 \u2013 16:30<\/strong><\/td><td>Coro y T\u00e9cnica Vocal, F\u00edsica, Fundamentos Art\u00edsticos, Geograf\u00eda, Geolog\u00eda y Ciencias Ambientales, Literatura Dram\u00e1tica<\/td><\/tr><\/tbody><\/table><\/figure>\n\n<p class=\"wp-block-paragraph\">Este primer d\u00eda puede ser largo si tambi\u00e9n tienes un examen por la tarde. En este caso, es mejor aprovechar el espacio entre ex\u00e1menes para descansar, comer algo y repasar solo puntos muy espec\u00edficos. <\/p>\n\n<p class=\"wp-block-paragraph\">Intentar repasar demasiado contenido entre ex\u00e1menes puede aumentar la sensaci\u00f3n de cansancio. Si has hecho una buena preparaci\u00f3n previa, este tiempo es m\u00e1s \u00fatil para recuperar la concentraci\u00f3n que para intentar memorizar en el \u00faltimo momento. <\/p>\n\n<h2 class=\"wp-block-heading\">Calendario para el jueves 3 de septiembre<\/h2>\n\n<p class=\"wp-block-paragraph\">El segundo d\u00eda comenzar\u00e1 con <strong>Historia o Historia de la Filosof\u00eda<\/strong> e incluir\u00e1 algunas de las asignaturas m\u00e1s relevantes para los estudiantes que desean acceder a t\u00edtulos en ciencias o en salud.<\/p>\n\n<figure class=\"wp-block-table\"><table class=\"has-fixed-layout\"><thead><tr><th>Tiempo<\/th><th>Asignaturas<\/th><\/tr><\/thead><tbody><tr><td><strong>9:00 a.m. \u2013 10:30 a.m.<\/strong><\/td><td>Historia \/ Historia de la Filosof\u00eda<\/td><\/tr><tr><td><strong>12:00 \u2013 13:30 h<\/strong><\/td><td>An\u00e1lisis musical, dibujo t\u00e9cnico aplicado a las artes pl\u00e1sticas y el dise\u00f1o, ciencias generales, lengua y culturas latinas, matem\u00e1ticas<\/td><\/tr><tr><td><strong>15:00 \u2013 16:30<\/strong><\/td><td>Biolog\u00eda, Dise\u00f1o, Operaci\u00f3n Empresarial, Dise\u00f1o de Modelos de Negocio, Literatura Catalana, Tecnolog\u00eda e Ingenier\u00eda<\/td><\/tr><\/tbody><\/table><\/figure>\n\n<p class=\"wp-block-paragraph\">Si haces el examen de acceso a la universidad de septiembre de 2026 para mejorar tu nota, este d\u00eda puede ser especialmente importante si tienes una asignatura que pesa favorablemente en el t\u00edtulo que quieres cursar.<\/p>\n\n<p class=\"wp-block-paragraph\">No todas las asignaturas tienen el mismo peso para todos los t\u00edtulos. Por lo tanto, antes de prepararse para la sesi\u00f3n de examen, es recomendable revisar los pesos y centrar tus esfuerzos en las asignaturas que puedan tener mayor impacto en la nota de admisi\u00f3n. <\/p>\n\n<h2 class=\"wp-block-heading\">Horario de apertura para el viernes 4 de septiembre<\/h2>\n\n<p class=\"wp-block-paragraph\">La convocatoria extraordinaria finalizar\u00e1 el viernes con Lengua y Literatura Catalanas a primera hora de la ma\u00f1ana y varias asignaturas durante la tarde.<\/p>\n\n<figure class=\"wp-block-table\"><table class=\"has-fixed-layout\"><thead><tr><th>Tiempo<\/th><th>Asignaturas<\/th><\/tr><\/thead><tbody><tr><td><strong>9:00 a.m. \u2013 10:30 a.m.<\/strong><\/td><td>Lengua y literatura catalanas<\/td><\/tr><tr><td><strong>12:00 \u2013 13:30 h<\/strong><\/td><td>Artes esc\u00e9nicas, dibujo art\u00edstico, lengua y culturas griegas, matem\u00e1ticas aplicadas a las ciencias sociales, movimientos culturales y art\u00edsticos<\/td><\/tr><tr><td><strong>15:00 \u2013 16:30<\/strong><\/td><td>Dibujo t\u00e9cnico, historia del arte, historia de la m\u00fasica y la danza, literatura espa\u00f1ola, qu\u00edmica, t\u00e9cnicas de expresi\u00f3n gr\u00e1fica-pl\u00e1stica<\/td><\/tr><\/tbody><\/table><\/figure>\n\n<p class=\"wp-block-paragraph\">Para los estudiantes que tengan un examen por la tarde, la selectividad de septiembre de 2026 no finalizar\u00e1 hasta las 16:30 del viernes.<\/p>\n\n<p class=\"wp-block-paragraph\">En este \u00faltimo d\u00eda, la fatiga acumulada puede hacerse m\u00e1s evidente. Por eso es importante llegar al inicio de los ex\u00e1menes con el temario ya consolidado y evitar depender excesivamente de revisiones entre ex\u00e1menes. <\/p>\n\n<h2 class=\"wp-block-heading\">\u00bfC\u00f3mo est\u00e1 estructurado el Examen de Acceso a la Universidad?<\/h2>\n\n<p class=\"wp-block-paragraph\">La PAU se divide en dos partes principales: la <strong>fase de acceso<\/strong> y la <strong>fase de admisi\u00f3n<\/strong>.<\/p>\n\n<p class=\"wp-block-paragraph\">La fase de acceso incluye las asignaturas comunes del Bachillerato. Los estudiantes realizan los ex\u00e1menes de Lengua y Literatura Catalanas, Lengua y Literatura Espa\u00f1olas, una lengua extranjera, Historia o Historia de la Filosof\u00eda y la asignatura obligatoria de la modalidad correspondiente. <\/p>\n\n<p class=\"wp-block-paragraph\">Esta fase forma parte del c\u00e1lculo de la nota de acceso a la universidad junto con el expediente acad\u00e9mico de Bachillerato.<\/p>\n\n<p class=\"wp-block-paragraph\">La fase de admisi\u00f3n permite realizar ex\u00e1menes en asignaturas que pueden a\u00f1adir puntos adicionales a la nota final. Estas asignaturas son especialmente relevantes para estudiantes que desean acceder a t\u00edtulos con notas de corte altas. <\/p>\n\n<p class=\"wp-block-paragraph\">En el examen de acceso a la universidad de septiembre de 2026, algunos estudiantes realizar\u00e1n toda la prueba, mientras que otros solo cursar\u00e1n asignaturas espec\u00edficas para intentar mejorar su nota.<\/p>\n\n<p class=\"wp-block-paragraph\">Antes de decidir qu\u00e9 preparar, es recomendable revisar las ponderaciones del grado que te interesa y calcular qu\u00e9 combinaci\u00f3n de asignaturas favorece mejor tu admisi\u00f3n.<\/p>\n\n<p class=\"wp-block-paragraph\">Para consultar la informaci\u00f3n institucional sobre la UAP y el sistema universitario catal\u00e1n, puedes consultar la informaci\u00f3n del <strong><a href=\"https:\/\/recercaiuniversitats.gencat.cat\/ca\/01_departament_recerca_i_universitats\/el_departament\/organismes\/consell-interuniversitari-catalunya-cic\/\" target=\"_blank\" rel=\"noopener\">Consejo Interuniversitario de Catalu\u00f1a<\/a><\/strong>.<\/p>\n\n<h2 class=\"wp-block-heading\">\u00bfCu\u00e1ndo se publican las notas del examen de acceso a la universidad de septiembre de 2026?<\/h2>\n\n<p class=\"wp-block-paragraph\">Las calificaciones de la convocatoria extraordinaria se publicar\u00e1n el <strong>15 de septiembre de 2026<\/strong>.<\/p>\n\n<p class=\"wp-block-paragraph\">Esto significa que, tras el \u00faltimo examen el 4 de septiembre, ser\u00e1 necesario esperar unos d\u00edas antes de conocer los resultados.<\/p>\n\n<p class=\"wp-block-paragraph\">Cuando se publiquen las notas del examen de acceso a la universidad de septiembre de 2026, es recomendable revisar todas las notas con calma y comprobar c\u00f3mo afectan a la nota.<\/p>\n\n<p class=\"wp-block-paragraph\">Si has hecho el examen con el objetivo de mejorar una o m\u00e1s asignaturas, lo m\u00e1s importante es ver si el nuevo resultado aumenta tu puntuaci\u00f3n lo suficiente para acercarte al grado que quieres cursar.<\/p>\n\n<h2 class=\"wp-block-heading\">\u00bfCu\u00e1ndo puedo solicitar una revisi\u00f3n de los ex\u00e1menes?<\/h2>\n\n<p class=\"wp-block-paragraph\">El plazo para solicitar la revisi\u00f3n de las calificaciones ser\u00e1 <strong>del 16 al 18 de septiembre de 2026<\/strong>.<\/p>\n\n<p class=\"wp-block-paragraph\">El d\u00eda 18, la fecha l\u00edmite terminar\u00e1 a <strong>las 14:00<\/strong>, por lo que no es recomendable esperar hasta el \u00faltimo momento si est\u00e1s seguro de que quieres solicitar una revisi\u00f3n.<\/p>\n\n<p class=\"wp-block-paragraph\">La revisi\u00f3n puede tener sentido cuando sientes que una nota no refleja el contenido del examen o cuando necesitas comprobar una nota que es especialmente importante para tu admisi\u00f3n.<\/p>\n\n<p class=\"wp-block-paragraph\">El resultado de este proceso puede modificar la nota final, por lo que es una fecha que debe estar bien anotada.<\/p>\n\n<h2 class=\"wp-block-heading\">\u00bfCu\u00e1ndo se publican las notas tras la revisi\u00f3n?<\/h2>\n\n<p class=\"wp-block-paragraph\">Las calificaciones tras el proceso de revisi\u00f3n se publicar\u00e1n el <strong>29 de septiembre de 2026<\/strong>.<\/p>\n\n<p class=\"wp-block-paragraph\">Este ser\u00e1 el \u00faltimo gran momento en el calendario de esta extraordinaria llamada.<\/p>\n\n<figure class=\"wp-block-table\"><table class=\"has-fixed-layout\"><thead><tr><th>Procedimiento<\/th><th>Fecha<\/th><\/tr><\/thead><tbody><tr><td><strong>Ex\u00e1menes PAU extraordinarios<\/strong><\/td><td>2, 3 y 4 de septiembre de 2026<\/td><\/tr><tr><td><strong>Publicaci\u00f3n de notas<\/strong><\/td><td>15 de septiembre de 2026<\/td><\/tr><tr><td><strong>Solicitud de revisi\u00f3n<\/strong><\/td><td>Del 16 al 18 de septiembre, hasta las 14:00 horas.<\/td><\/tr><tr><td><strong>Notas tras la rese\u00f1a<\/strong><\/td><td>29 de septiembre de 2026<\/td><\/tr><\/tbody><\/table><\/figure>\n\n<p class=\"wp-block-paragraph\">Controlar estas fechas es importante porque la <strong>selectividad de septiembre de 2026<\/strong> no termina el d\u00eda del \u00faltimo examen. Todav\u00eda se publican los resultados y, si es necesario, el periodo de revisi\u00f3n. <\/p>\n\n<h2 class=\"wp-block-heading\">C\u00f3mo aprovechar las \u00faltimas semanas antes de los ex\u00e1menes<\/h2>\n\n<p class=\"wp-block-paragraph\">La sesi\u00f3n de examen de septiembre tiene una particularidad clara: gran parte de la preparaci\u00f3n se realiza durante el verano. Esto puede ser una oportunidad para trabajar con m\u00e1s calma, pero tambi\u00e9n puede complicar la perseverancia si no tienes una rutina bien definida. <\/p>\n\n<p class=\"wp-block-paragraph\">Si vienes de la llamada de junio, empieza analizando qu\u00e9 sali\u00f3 mal. Repetir exactamente el mismo m\u00e9todo durante el verano no tiene mucho sentido si los resultados no fueron los esperados. <\/p>\n\n<p class=\"wp-block-paragraph\">Identifica los temas que te cuestan m\u00e1s, practica con ex\u00e1menes y dedica m\u00e1s tiempo a asignaturas que puedan tener un impacto directo en tu nota de admisi\u00f3n.<\/p>\n\n<p class=\"wp-block-paragraph\">Si quieres llegar al examen de acceso a la universidad de septiembre de 2026 con una preparaci\u00f3n m\u00e1s estructurada, puedes consultar nuestros <strong><a href=\"https:\/\/www.formaciomiro.com\/es\/cursos-selectividad\/\">cursos de preparaci\u00f3n para el examen de acceso a la universidad<\/a><\/strong>.<\/p>\n\n<p class=\"wp-block-paragraph\">La semana anterior deber\u00eda servir principalmente para consolidar. Haz ejercicios, controla los tiempos, revisa errores e intenta mantener una rutina de descanso regular. <\/p>\n\n<p class=\"wp-block-paragraph\">Saber que los ex\u00e1menes se celebrar\u00e1n los d\u00edas 2, 3 y 4 de septiembre, que las notas se publicar\u00e1n el d\u00eda 15 y que la revisi\u00f3n puede solicitarse del 16 al 18 ayuda a planificar la sesi\u00f3n de examen con mucha m\u00e1s precisi\u00f3n.<\/p>\n\n<p class=\"wp-block-paragraph\">El examen de acceso a la universidad de septiembre de 2026 concentra en pocos d\u00edas una parte importante de las opciones de acceso universitario para muchos estudiantes. Llegar con un calendario claro, una preparaci\u00f3n ordenada y plazos administrativos bien controlados evita errores y te permite centrar tus esfuerzos en lo que realmente importa. <\/p>\n","protected":false},"excerpt":{"rendered":"<p>El examen de acceso a la universidad de septiembre de 2026 se celebrar\u00e1 en Catalu\u00f1a los d\u00edas 2, 3 y 4 de septiembre. Esta llamada extraordinaria es importante para los estudiantes que no pudieron presentarse al examen en junio, que necesitan repetir una asignatura o que quieren mejorar su nota para tener m\u00e1s opciones de [&hellip;]<\/p>\n","protected":false},"author":2,"featured_media":36010,"comment_status":"closed","ping_status":"closed","sticky":false,"template":"","format":"standard","meta":{"_acf_changed":false,"footnotes":""},"categories":[138],"tags":[],"class_list":["post-36013","post","type-post","status-publish","format-standard","has-post-thumbnail","hentry","category-selectividad"],"acf":[],"_links":{"self":[{"href":"https:\/\/www.formaciomiro.com\/es\/wp-json\/wp\/v2\/posts\/36013","targetHints":{"allow":["GET"]}}],"collection":[{"href":"https:\/\/www.formaciomiro.com\/es\/wp-json\/wp\/v2\/posts"}],"about":[{"href":"https:\/\/www.formaciomiro.com\/es\/wp-json\/wp\/v2\/types\/post"}],"author":[{"embeddable":true,"href":"https:\/\/www.formaciomiro.com\/es\/wp-json\/wp\/v2\/users\/2"}],"replies":[{"embeddable":true,"href":"https:\/\/www.formaciomiro.com\/es\/wp-json\/wp\/v2\/comments?post=36013"}],"version-history":[{"count":3,"href":"https:\/\/www.formaciomiro.com\/es\/wp-json\/wp\/v2\/posts\/36013\/revisions"}],"predecessor-version":[{"id":36018,"href":"https:\/\/www.formaciomiro.com\/es\/wp-json\/wp\/v2\/posts\/36013\/revisions\/36018"}],"wp:featuredmedia":[{"embeddable":true,"href":"https:\/\/www.formaciomiro.com\/es\/wp-json\/wp\/v2\/media\/36010"}],"wp:attachment":[{"href":"https:\/\/www.formaciomiro.com\/es\/wp-json\/wp\/v2\/media?parent=36013"}],"wp:term":[{"taxonomy":"category","embeddable":true,"href":"https:\/\/www.formaciomiro.com\/es\/wp-json\/wp\/v2\/categories?post=36013"},{"taxonomy":"post_tag","embeddable":true,"href":"https:\/\/www.formaciomiro.com\/es\/wp-json\/wp\/v2\/tags?post=36013"}],"curies":[{"name":"wp","href":"https:\/\/api.w.org\/{rel}","templated":true}]}}